{"id":501,"date":"2019-12-06T10:55:06","date_gmt":"2019-12-06T13:55:06","guid":{"rendered":"https:\/\/www.wctowers.com.br?p=501"},"modified":"2019-12-06T10:55:09","modified_gmt":"2019-12-06T13:55:09","slug":"ampliacao-da-cota-de-importacao-de-etanol-prejudica-producao-interna","status":"publish","type":"post","link":"https:\/\/wctowers.com.br\/index.php\/2019\/12\/06\/ampliacao-da-cota-de-importacao-de-etanol-prejudica-producao-interna\/","title":{"rendered":"Amplia\u00e7\u00e3o da cota de importa\u00e7\u00e3o de etanol prejudica produ\u00e7\u00e3o interna"},"content":{"rendered":"\n<p> Os presidentes do Sinda\u00e7\u00facar-PE, Renato Cunha e do Sinda\u00e7\u00facar-AL, Pedro  Rob\u00e9rio Nogueira, respectivamente, presidente e vice-presidente da  Associa\u00e7\u00e3o de Produtores de A\u00e7\u00facar, Etanol e Bionergia \u2013 Novabio,  participam na pr\u00f3xima quarta-feira, 04, em Bras\u00edlia, de uma audi\u00eancia  com a ministra da Agricultura, Tereza Cristina.<br> Na pauta do encontro, a decis\u00e3o do Governo Federal de aumentar o volume  de etanol da cota livre de cobran\u00e7a de tarifa de importa\u00e7\u00e3o, que passou  de 600 milh\u00f5es de litros para 750 milh\u00f5es. Segundo a Novabio, isso  representa 27% da produ\u00e7\u00e3o Nordeste, al\u00e9m de gerar para o pa\u00eds uma  ren\u00fancia fiscal de R$ 270 milh\u00f5es.<br> De acordo com representantes do setor sucroenerg\u00e9tico da regi\u00e3o  Nordeste, a decis\u00e3o do Governo Federal, tomada pela Secretaria Especial  de Com\u00e9rcio Exterior e Assuntos Internacionais do Minist\u00e9rio da  Economia, n\u00e3o foi bem recebida pelas entidades da agroind\u00fastria  canavieira que esperavam, no m\u00ednimo, que a isen\u00e7\u00e3o a importa\u00e7\u00e3o, que  acabaria no dia 31 de agosto, n\u00e3o fosse renovada pelo governo.<br> Alagoas<br> Na safra passada, ciclo 18\/19, as usinas alagoanas produziram quase 500  milh\u00f5es de litros de etanol, um crescimento superior a 50% em compara\u00e7\u00e3o  a produ\u00e7\u00e3o do bicombust\u00edvel na moagem 17\/18. <\/p>\n","protected":false},"excerpt":{"rendered":"<p>Os presidentes do Sinda\u00e7\u00facar-PE, Renato Cunha e do Sinda\u00e7\u00facar-AL, Pedro Rob\u00e9rio Nogueira, respectivamente, presidente e vice-presidente da Associa\u00e7\u00e3o de Produtores de A\u00e7\u00facar, Etanol e Bionergia \u2013 Novabio, participam na pr\u00f3xima quarta-feira, 04, em Bras\u00edlia, de uma audi\u00eancia com a ministra da Agricultura, Tereza Cristina. Na pauta do encontro, a decis\u00e3o do Governo Federal de aumentar [&hellip;]<\/p>\n","protected":false},"author":1,"featured_media":0,"comment_status":"open","ping_status":"open","sticky":false,"template":"","format":"standard","meta":[],"categories":[1],"tags":[],"_links":{"self":[{"href":"https:\/\/wctowers.com.br\/index.php\/wp-json\/wp\/v2\/posts\/501"}],"collection":[{"href":"https:\/\/wctowers.com.br\/index.php\/wp-json\/wp\/v2\/posts"}],"about":[{"href":"https:\/\/wctowers.com.br\/index.php\/wp-json\/wp\/v2\/types\/post"}],"author":[{"embeddable":true,"href":"https:\/\/wctowers.com.br\/index.php\/wp-json\/wp\/v2\/users\/1"}],"replies":[{"embeddable":true,"href":"https:\/\/wctowers.com.br\/index.php\/wp-json\/wp\/v2\/comments?post=501"}],"version-history":[{"count":1,"href":"https:\/\/wctowers.com.br\/index.php\/wp-json\/wp\/v2\/posts\/501\/revisions"}],"predecessor-version":[{"id":502,"href":"https:\/\/wctowers.com.br\/index.php\/wp-json\/wp\/v2\/posts\/501\/revisions\/502"}],"wp:attachment":[{"href":"https:\/\/wctowers.com.br\/index.php\/wp-json\/wp\/v2\/media?parent=501"}],"wp:term":[{"taxonomy":"category","embeddable":true,"href":"https:\/\/wctowers.com.br\/index.php\/wp-json\/wp\/v2\/categories?post=501"},{"taxonomy":"post_tag","embeddable":true,"href":"https:\/\/wctowers.com.br\/index.php\/wp-json\/wp\/v2\/tags?post=501"}],"curies":[{"name":"wp","href":"https:\/\/api.w.org\/{rel}","templated":true}]}}